{"id":5813,"date":"2021-01-29T20:41:55","date_gmt":"2021-01-29T20:41:55","guid":{"rendered":"https:\/\/francisherdes.com\/de\/?p=5813"},"modified":"2021-01-29T20:45:46","modified_gmt":"2021-01-29T20:45:46","slug":"welcher-gefuehlstyp-bist-du","status":"publish","type":"post","link":"https:\/\/francisherdes.com\/de\/welcher-gefuehlstyp-bist-du\/","title":{"rendered":"Welcher Gef\u00fchlstyp bist du?"},"content":{"rendered":"\n<p>Bist du der stille, der explodierende, der bestrafende oder einer dieser emotionalen Typen?<\/p>\n\n\n\n<iframe loading=\"lazy\" width=\"560\" height=\"315\" src=\"https:\/\/www.youtube-nocookie.com\/embed\/w84iz5PFPJY?controls=0\" frameborder=\"0\" allow=\"accelerometer; autoplay; clipboard-write; encrypted-media; gyroscope; picture-in-picture\" allowfullscreen=\"\"><\/iframe>\n\n\n\n<p><\/p>\n\n\n\n<p>Welcher Gef\u00fchlstyp bist du?<\/p>\n\n\n\n<p>Sammelst du entt\u00e4uschende und frustrierende Erfahrungen still und heimlich in dir an und wenn dann noch eine weitere Triggersituation kommt, explodierst du?<\/p>\n\n\n\n<p>Sprichst du deine Gef\u00fchle direkt in der Situation an und verschaffst dir dadurch Raum und Klarheit?<\/p>\n\n\n\n<p>Rennst du verzweifelt oder frustriert weg und hoffst, dass die anderen dir nachkommen?<\/p>\n\n\n\n<p>Bestrafst du deine Lieben, indem du stundenlang schmollst oder ihnen all deine Liebe und Aufmerksamkeit entziehst?<\/p>\n\n\n\n<p>Ziehst du dich still und heimlich innerlich oder \u00e4u\u00dferlich zur\u00fcck und hoffst, dass das jemand merkt und sich um dich k\u00fcmmert?<\/p>\n\n\n\n<p>Machst du eine dramatische Szene und bringst damit Verwirrung und Abstand in deine Beziehungen?<\/p>\n\n\n\n<p>Oder reagierst du noch ganz anders?<\/p>\n\n\n\n<p>Lass es mich gern wissen, indem du hier kommentierst, denn ich bereite gerade eine ganz besondere 5 Tage Challenge vor, wo wir uns das Gef\u00fchl der Eifersucht speziell anschauen und ich dir kraftvolle Wege aus diesem zerst\u00f6rerischen Gef\u00fchl gebe &#8211; aus dem Bereich des Bewusstseins, der Meditation, Pers\u00f6nlichkeitsentwicklung und nat\u00fcrlich wie immer mit duftenden Anwendungen <img loading=\"lazy\" decoding=\"async\" height=\"16\" width=\"16\" alt=\"\ud83d\ude42\" src=\"https:\/\/static.xx.fbcdn.net\/images\/emoji.php\/v9\/teb\/2\/16\/1f642.png\">Die 5 Tage Challenge startet n\u00e4chsten Donnerstag, 4. Februar &#8211; bist du mit dabei?Hier kannst du dich direkt daf\u00fcr anmelden: <a rel=\"noreferrer noopener\" href=\"https:\/\/francisherdes.com\/eifersucht\/?fbclid=IwAR0lkQ4gMVeHRIpZhrpsDimfzrxu4u-8SA4YiPPwriBToc307lcsnqaTEgM\" target=\"_blank\">https:\/\/francisherdes.com\/eifersucht\/<\/a><\/p>\n\n\n\n<p>Hier findest du einige Fragen f\u00fcr dich zum Reflektieren \u2013 bitte nimm dir kurz Zeit, sie zu beantworten \u2013 ich geb dir dann die Updates zur 5 Tage Challenge:&nbsp;<a rel=\"noreferrer noopener\" href=\"https:\/\/francisherdes.com\/umfrage\/\" target=\"_blank\">https:\/\/francisherdes.com\/umfrage\/<\/a><\/p>\n\n\n\n<p>Transformiere deine Eifersucht in der exklusiven 5 Tage Challenge \u2013 melde dich hier daf\u00fcr an:&nbsp;<a href=\"https:\/\/francisherdes.com\/eifersucht\/\" target=\"_blank\" rel=\"noreferrer noopener\">https:\/\/francisherdes.com\/eifersucht\/<\/a><\/p>\n\n\n\n<p>Sichere dir jetzt deinen Zugang zu Francis\u2019 kostenlosen duftenden Videos:&nbsp;<a href=\"https:\/\/lebeduftend.de\/\">https:\/\/lebeduftend.de\/<\/a><\/p>\n\n\n\n<p><br>Hier findest du Francis\u2018 Webinare in den Bereichen Wellness, emotionale Balance &amp; Pers\u00f6nlichkeitsentwicklung:&nbsp;<a href=\"https:\/\/lebeduftend.de\/webinare\/\">https:\/\/lebeduftend.de\/webinare\/<\/a><\/p>\n\n\n\n<p><br>Hier ist dein Link zum Buch \u201cDuftende Reflexzonen\u201c:<a href=\"https:\/\/lebeduftend.de\/buch\/\">&nbsp;https:\/\/lebeduftend.de\/buch\/<\/a><\/p>\n","protected":false},"excerpt":{"rendered":"<p>Bist du der stille, der explodierende, der bestrafende oder einer dieser emotionalen Typen? Welcher Gef\u00fchlstyp bist du? Sammelst du entt\u00e4uschende &#8230; <\/p>\n<div><a href=\"https:\/\/francisherdes.com\/de\/welcher-gefuehlstyp-bist-du\/\" class=\"more-link\">Read More<\/a><\/div>\n","protected":false},"author":1,"featured_media":5816,"comment_status":"closed","ping_status":"closed","sticky":false,"template":"","format":"standard","meta":{"footnotes":""},"categories":[1],"tags":[],"class_list":["post-5813","post","type-post","status-publish","format-standard","has-post-thumbnail","hentry","category-inspiration"],"yoast_head":"<!-- This site is optimized with the Yoast SEO plugin v26.6 - https:\/\/yoast.com\/wordpress\/plugins\/seo\/ -->\n<title>Welcher Gef\u00fchlstyp bist du? - Francis Herdes Transformations<\/title>\n<meta name=\"robots\" content=\"index, follow, max-snippet:-1, max-image-preview:large, max-video-preview:-1\" \/>\n<link rel=\"canonical\" href=\"https:\/\/francisherdes.com\/de\/welcher-gefuehlstyp-bist-du\/\" \/>\n<meta property=\"og:locale\" content=\"de_DE\" \/>\n<meta property=\"og:type\" content=\"article\" \/>\n<meta property=\"og:title\" content=\"Welcher Gef\u00fchlstyp bist du? - Francis Herdes Transformations\" \/>\n<meta property=\"og:description\" content=\"Bist du der stille, der explodierende, der bestrafende oder einer dieser emotionalen Typen? Welcher Gef\u00fchlstyp bist du? Sammelst du entt\u00e4uschende ... Read More\" \/>\n<meta property=\"og:url\" content=\"https:\/\/francisherdes.com\/de\/welcher-gefuehlstyp-bist-du\/\" \/>\n<meta property=\"og:site_name\" content=\"Francis Herdes Transformations\" \/>\n<meta property=\"article:published_time\" content=\"2021-01-29T20:41:55+00:00\" \/>\n<meta property=\"article:modified_time\" content=\"2021-01-29T20:45:46+00:00\" \/>\n<meta property=\"og:image\" content=\"https:\/\/francisherdes.com\/de\/wp-content\/uploads\/sites\/2\/2021\/01\/5TEC-Welcher-Gefuehlstyp.png\" \/>\n\t<meta property=\"og:image:width\" content=\"1170\" \/>\n\t<meta property=\"og:image:height\" content=\"654\" \/>\n\t<meta property=\"og:image:type\" content=\"image\/png\" \/>\n<meta name=\"author\" content=\"admin\" \/>\n<meta name=\"twitter:card\" content=\"summary_large_image\" \/>\n<meta name=\"twitter:label1\" content=\"Verfasst von\" \/>\n\t<meta name=\"twitter:data1\" content=\"admin\" \/>\n\t<meta name=\"twitter:label2\" content=\"Gesch\u00e4tzte Lesezeit\" \/>\n\t<meta name=\"twitter:data2\" content=\"2\u00a0Minuten\" \/>\n<script type=\"application\/ld+json\" class=\"yoast-schema-graph\">{\"@context\":\"https:\/\/schema.org\",\"@graph\":[{\"@type\":\"WebPage\",\"@id\":\"https:\/\/francisherdes.com\/de\/welcher-gefuehlstyp-bist-du\/\",\"url\":\"https:\/\/francisherdes.com\/de\/welcher-gefuehlstyp-bist-du\/\",\"name\":\"Welcher Gef\u00fchlstyp bist du? - Francis Herdes Transformations\",\"isPartOf\":{\"@id\":\"https:\/\/francisherdes.com\/de\/#website\"},\"primaryImageOfPage\":{\"@id\":\"https:\/\/francisherdes.com\/de\/welcher-gefuehlstyp-bist-du\/#primaryimage\"},\"image\":{\"@id\":\"https:\/\/francisherdes.com\/de\/welcher-gefuehlstyp-bist-du\/#primaryimage\"},\"thumbnailUrl\":\"https:\/\/francisherdes.com\/de\/wp-content\/uploads\/sites\/2\/2021\/01\/5TEC-Welcher-Gefuehlstyp.png\",\"datePublished\":\"2021-01-29T20:41:55+00:00\",\"dateModified\":\"2021-01-29T20:45:46+00:00\",\"author\":{\"@id\":\"https:\/\/francisherdes.com\/de\/#\/schema\/person\/54a71d833f204bab923fb2705389ba68\"},\"breadcrumb\":{\"@id\":\"https:\/\/francisherdes.com\/de\/welcher-gefuehlstyp-bist-du\/#breadcrumb\"},\"inLanguage\":\"de\",\"potentialAction\":[{\"@type\":\"ReadAction\",\"target\":[\"https:\/\/francisherdes.com\/de\/welcher-gefuehlstyp-bist-du\/\"]}]},{\"@type\":\"ImageObject\",\"inLanguage\":\"de\",\"@id\":\"https:\/\/francisherdes.com\/de\/welcher-gefuehlstyp-bist-du\/#primaryimage\",\"url\":\"https:\/\/francisherdes.com\/de\/wp-content\/uploads\/sites\/2\/2021\/01\/5TEC-Welcher-Gefuehlstyp.png\",\"contentUrl\":\"https:\/\/francisherdes.com\/de\/wp-content\/uploads\/sites\/2\/2021\/01\/5TEC-Welcher-Gefuehlstyp.png\",\"width\":1170,\"height\":654},{\"@type\":\"BreadcrumbList\",\"@id\":\"https:\/\/francisherdes.com\/de\/welcher-gefuehlstyp-bist-du\/#breadcrumb\",\"itemListElement\":[{\"@type\":\"ListItem\",\"position\":1,\"name\":\"Home\",\"item\":\"https:\/\/francisherdes.com\/de\/\"},{\"@type\":\"ListItem\",\"position\":2,\"name\":\"Welcher Gef\u00fchlstyp bist du?\"}]},{\"@type\":\"WebSite\",\"@id\":\"https:\/\/francisherdes.com\/de\/#website\",\"url\":\"https:\/\/francisherdes.com\/de\/\",\"name\":\"Francis Herdes Transformations\",\"description\":\"Lasse los - Entspanne - Transformiere\",\"potentialAction\":[{\"@type\":\"SearchAction\",\"target\":{\"@type\":\"EntryPoint\",\"urlTemplate\":\"https:\/\/francisherdes.com\/de\/?s={search_term_string}\"},\"query-input\":{\"@type\":\"PropertyValueSpecification\",\"valueRequired\":true,\"valueName\":\"search_term_string\"}}],\"inLanguage\":\"de\"},{\"@type\":\"Person\",\"@id\":\"https:\/\/francisherdes.com\/de\/#\/schema\/person\/54a71d833f204bab923fb2705389ba68\",\"name\":\"admin\",\"url\":\"https:\/\/francisherdes.com\/de\/author\/admin\/\"}]}<\/script>\n<!-- \/ Yoast SEO plugin. -->","yoast_head_json":{"title":"Welcher Gef\u00fchlstyp bist du? - Francis Herdes Transformations","robots":{"index":"index","follow":"follow","max-snippet":"max-snippet:-1","max-image-preview":"max-image-preview:large","max-video-preview":"max-video-preview:-1"},"canonical":"https:\/\/francisherdes.com\/de\/welcher-gefuehlstyp-bist-du\/","og_locale":"de_DE","og_type":"article","og_title":"Welcher Gef\u00fchlstyp bist du? - Francis Herdes Transformations","og_description":"Bist du der stille, der explodierende, der bestrafende oder einer dieser emotionalen Typen? Welcher Gef\u00fchlstyp bist du? Sammelst du entt\u00e4uschende ... Read More","og_url":"https:\/\/francisherdes.com\/de\/welcher-gefuehlstyp-bist-du\/","og_site_name":"Francis Herdes Transformations","article_published_time":"2021-01-29T20:41:55+00:00","article_modified_time":"2021-01-29T20:45:46+00:00","og_image":[{"width":1170,"height":654,"url":"https:\/\/francisherdes.com\/de\/wp-content\/uploads\/sites\/2\/2021\/01\/5TEC-Welcher-Gefuehlstyp.png","type":"image\/png"}],"author":"admin","twitter_card":"summary_large_image","twitter_misc":{"Verfasst von":"admin","Gesch\u00e4tzte Lesezeit":"2\u00a0Minuten"},"schema":{"@context":"https:\/\/schema.org","@graph":[{"@type":"WebPage","@id":"https:\/\/francisherdes.com\/de\/welcher-gefuehlstyp-bist-du\/","url":"https:\/\/francisherdes.com\/de\/welcher-gefuehlstyp-bist-du\/","name":"Welcher Gef\u00fchlstyp bist du? - Francis Herdes Transformations","isPartOf":{"@id":"https:\/\/francisherdes.com\/de\/#website"},"primaryImageOfPage":{"@id":"https:\/\/francisherdes.com\/de\/welcher-gefuehlstyp-bist-du\/#primaryimage"},"image":{"@id":"https:\/\/francisherdes.com\/de\/welcher-gefuehlstyp-bist-du\/#primaryimage"},"thumbnailUrl":"https:\/\/francisherdes.com\/de\/wp-content\/uploads\/sites\/2\/2021\/01\/5TEC-Welcher-Gefuehlstyp.png","datePublished":"2021-01-29T20:41:55+00:00","dateModified":"2021-01-29T20:45:46+00:00","author":{"@id":"https:\/\/francisherdes.com\/de\/#\/schema\/person\/54a71d833f204bab923fb2705389ba68"},"breadcrumb":{"@id":"https:\/\/francisherdes.com\/de\/welcher-gefuehlstyp-bist-du\/#breadcrumb"},"inLanguage":"de","potentialAction":[{"@type":"ReadAction","target":["https:\/\/francisherdes.com\/de\/welcher-gefuehlstyp-bist-du\/"]}]},{"@type":"ImageObject","inLanguage":"de","@id":"https:\/\/francisherdes.com\/de\/welcher-gefuehlstyp-bist-du\/#primaryimage","url":"https:\/\/francisherdes.com\/de\/wp-content\/uploads\/sites\/2\/2021\/01\/5TEC-Welcher-Gefuehlstyp.png","contentUrl":"https:\/\/francisherdes.com\/de\/wp-content\/uploads\/sites\/2\/2021\/01\/5TEC-Welcher-Gefuehlstyp.png","width":1170,"height":654},{"@type":"BreadcrumbList","@id":"https:\/\/francisherdes.com\/de\/welcher-gefuehlstyp-bist-du\/#breadcrumb","itemListElement":[{"@type":"ListItem","position":1,"name":"Home","item":"https:\/\/francisherdes.com\/de\/"},{"@type":"ListItem","position":2,"name":"Welcher Gef\u00fchlstyp bist du?"}]},{"@type":"WebSite","@id":"https:\/\/francisherdes.com\/de\/#website","url":"https:\/\/francisherdes.com\/de\/","name":"Francis Herdes Transformations","description":"Lasse los - Entspanne - Transformiere","potentialAction":[{"@type":"SearchAction","target":{"@type":"EntryPoint","urlTemplate":"https:\/\/francisherdes.com\/de\/?s={search_term_string}"},"query-input":{"@type":"PropertyValueSpecification","valueRequired":true,"valueName":"search_term_string"}}],"inLanguage":"de"},{"@type":"Person","@id":"https:\/\/francisherdes.com\/de\/#\/schema\/person\/54a71d833f204bab923fb2705389ba68","name":"admin","url":"https:\/\/francisherdes.com\/de\/author\/admin\/"}]}},"_links":{"self":[{"href":"https:\/\/francisherdes.com\/de\/wp-json\/wp\/v2\/posts\/5813","targetHints":{"allow":["GET"]}}],"collection":[{"href":"https:\/\/francisherdes.com\/de\/wp-json\/wp\/v2\/posts"}],"about":[{"href":"https:\/\/francisherdes.com\/de\/wp-json\/wp\/v2\/types\/post"}],"author":[{"embeddable":true,"href":"https:\/\/francisherdes.com\/de\/wp-json\/wp\/v2\/users\/1"}],"replies":[{"embeddable":true,"href":"https:\/\/francisherdes.com\/de\/wp-json\/wp\/v2\/comments?post=5813"}],"version-history":[{"count":3,"href":"https:\/\/francisherdes.com\/de\/wp-json\/wp\/v2\/posts\/5813\/revisions"}],"predecessor-version":[{"id":5820,"href":"https:\/\/francisherdes.com\/de\/wp-json\/wp\/v2\/posts\/5813\/revisions\/5820"}],"wp:featuredmedia":[{"embeddable":true,"href":"https:\/\/francisherdes.com\/de\/wp-json\/wp\/v2\/media\/5816"}],"wp:attachment":[{"href":"https:\/\/francisherdes.com\/de\/wp-json\/wp\/v2\/media?parent=5813"}],"wp:term":[{"taxonomy":"category","embeddable":true,"href":"https:\/\/francisherdes.com\/de\/wp-json\/wp\/v2\/categories?post=5813"},{"taxonomy":"post_tag","embeddable":true,"href":"https:\/\/francisherdes.com\/de\/wp-json\/wp\/v2\/tags?post=5813"}],"curies":[{"name":"wp","href":"https:\/\/api.w.org\/{rel}","templated":true}]}}